{"id":150,"date":"2026-02-06T12:55:19","date_gmt":"2026-02-06T11:55:19","guid":{"rendered":"https:\/\/dayiro.daisad.es\/blog\/?p=150"},"modified":"2026-02-06T12:55:20","modified_gmt":"2026-02-06T11:55:20","slug":"cuando-casi-olvide-quien-era","status":"publish","type":"post","link":"https:\/\/dayiro.daisad.es\/blog\/cuando-casi-olvide-quien-era\/","title":{"rendered":"Cuando casi olvid\u00e9 qui\u00e9n era"},"content":{"rendered":"\n<p>Escribir  la verdad, es algo que me motiva a seguir contando mis historias y a transmitirlas con claridad, me anima porque estoy segura de que a muchos les ha pasado algo parecido a lo m\u00edo.<\/p>\n\n\n\n<!--more-->\n\n\n\n<p>Hab\u00eda perdido la motivaci\u00f3n, el encanto, y lo cierto es que no me ven\u00eda nada a la cabeza despu\u00e9s de los a\u00f1os que pas\u00e9 trabajando en un lugar donde no quer\u00eda estar.<\/p>\n\n\n\n<p>Todo empez\u00f3 con mis ansias de cambiar de trabajo y tener mejores condiciones. Pensaba que aquello era lo mejor para m\u00ed y se me dio la oportunidad de ir a trabajar a este Hotel. Y s\u00ed, un Hotel al que llegu\u00e9 con toda la ilusi\u00f3n de ser recepcionista, de poner en pr\u00e1ctica todo lo que hab\u00eda aprendido anteriormente. Las condiciones que me ofrec\u00edan eran buenas\u2026 hasta ese momento.<\/p>\n\n\n\n<p>Lleg\u00f3 el d\u00eda. Me llamaron, empec\u00e9 a trabajar, conoc\u00ed a mis compa\u00f1eros. Incluso limpiamos la suciedad de un lugar nuevo en el que \u00edbamos a comenzar desde cero. Nunca imagin\u00e9 que aquello podr\u00eda convertirse en una tortura psicol\u00f3gica.<\/p>\n\n\n\n<p>Al principio empezamos con toda la motivaci\u00f3n y el empe\u00f1o que uno pone en un trabajo nuevo, pero pronto llegaron los desplantes, los gritos por parte de la jefa, los malos tratos. Te hablaban como si no supieras nada, como si fueras tonta.<br>\u201cNo se puede ser flojita\u201d, me dec\u00eda. Y como esas palabras, miles. No solo a m\u00ed, sino tambi\u00e9n a mis compa\u00f1eros de recepci\u00f3n los cuales nos sentiamos todos igual. A d\u00eda de hoy, no queda ninguno de los que empezaron all\u00ed.<\/p>\n\n\n\n<p>Era como amanecer cada d\u00eda para ir a trabajar sin ganas, sin fuerzas, completamente desmotivados.<\/p>\n\n\n\n<p>No s\u00e9 si has vivido algo as\u00ed, pero el ataque a mi mente era fuerte. Yo me repet\u00eda: <em>tengo que hacerlo bien<\/em>. Para m\u00ed, tratar de usted, decir \u201cse\u00f1ora\u201d o \u201cse\u00f1or\u201d, era una muestra de respeto. Yo te respeto porque eres mi jefe, pero sentir que era tu sirvienta resultaba horrible.<\/p>\n\n\n\n<p>Todo el tiempo pensaba que ten\u00eda que hacerlo bien. Hasta que un d\u00eda la jefa apareci\u00f3 diciendo que ten\u00eda que hablar conmigo. En esa conversaci\u00f3n me dijo que no val\u00eda para ese trabajo y que cre\u00eda que ser\u00eda mejor cambiarme al \u00e1rea de camarera de piso. Nunca me esper\u00e9 algo as\u00ed. Creo que yo no le ca\u00ed bien\u2026 bueno, en realidad, nadie le ca\u00eda bien.<\/p>\n\n\n\n<p>Me tragu\u00e9 las l\u00e1grimas. Despu\u00e9s de haberlo dado todo y de tantos malos tratos, no me qued\u00f3 otra que quedarme. En mi mente solo hab\u00eda una idea: <em>tengo que trabajar<\/em>. Ten\u00eda que ayudar con los gastos de mi casa. Guard\u00e9 mi orgullo y acept\u00e9 el cambio de puesto porque pensaba que no hab\u00eda nada m\u00e1s.<\/p>\n\n\n\n<p>Hoy cuento esto un poco m\u00e1s animada, pero reconozco que esa voz que dice \u201cno vales\u201d todav\u00eda resuena en mi cabeza, aun sabiendo que para Dios soy su hija y valgo m\u00e1s de lo que yo misma imagino.<\/p>\n\n\n\n<p>Hoy tambi\u00e9n reconozco que todo lo vivido fue culpa m\u00eda, pero s\u00ed que ese d\u00eda deb\u00ed haberme ido y no permitir que me humillaran as\u00ed. Sin embargo, esa no era mi mentalidad en aquel momento. Llegu\u00e9 a creer que, en el fondo, s\u00ed era \u201cflojita\u201d, como me dec\u00eda mi jefa, y que necesitaba el trabajo.<\/p>\n\n\n\n<p>Es triste encontrar personas en el mundo que intentan destruirte, consciente o inconscientemente. Al principio no entend\u00eda por qu\u00e9 me hab\u00eda pasado esto. Y, siendo sincera, a d\u00eda de hoy tampoco lo entiendo del todo. Pero no estamos en este mundo para entenderlo todo, sino para vivir.<\/p>\n\n\n\n<p>Hab\u00eda d\u00edas en los que llegaba a casa enojada. No estaba con mi ni\u00f1a y empec\u00e9 a perderme mucho tiempo con ella porque el horario era distinto. Gracias a Dios contaba con mi mam\u00e1 y mi esposo, pero yo no estaba presente.<\/p>\n\n\n\n<p>Con el tiempo entend\u00ed que ese horario hab\u00eda sido lo mejor, porque en ese puesto ten\u00eda algunas coberturas. Pero ah\u00ed tambi\u00e9n empez\u00f3 otro tormento. No soy perfecta, pero sigo sin entender por qu\u00e9 no les ca\u00ed bien a mis compa\u00f1eras( esto ya os lo he contado). Como se suele decir, uno no es moneda de oro para caerle bien a todo el mundo. Solo quedaba callar y seguir, porque no pod\u00eda perder el trabajo. \u00bfY a d\u00f3nde iba a ir?<\/p>\n\n\n\n<p>Qu\u00e9 mente la m\u00eda\u2026 claro que podemos cambiar, claro que podemos hacer otras cosas. No es f\u00e1cil, es duro, pero no est\u00e1s sola.<br>Siempre me repet\u00eda: <em>yo no quiero esto, yo quiero un cambio<\/em>. Pero otra vez esa vocecita: <em>\u00bfa d\u00f3nde vas a ir?, \u00bfqu\u00e9 vas a hacer?, t\u00fa no puedes<\/em>. Ideas equivocadas de las que hoy me culpo menos y me digo:<\/p>\n\n\n\n<p><em>Has sido valiente, princesa. Has llegado hasta aqu\u00ed y has sido valiente.<\/em><\/p>\n\n\n\n<p>Esas palabras solo vienen de Dios, porque en \u00c9l es donde podemos descansar y hallar reposo.<\/p>\n\n\n\n<p>Luego sigo contando m\u00e1s, pero qu\u00e9date con esto:<\/p>\n\n\n\n<p><strong>Eres valiente y no est\u00e1s sola.<\/strong><\/p>\n\n\n\n<p>\u00a0\u00abEl Se\u00f1or mismo marchar\u00e1 al frente de ti y estar\u00e1 contigo; nunca te dejar\u00e1 ni te abandonar\u00e1. No temas ni te desanimes\u00bb <strong><a href=\"https:\/\/www.google.com\/search?q=Deuteronomio+31%3A8&amp;oq=versiculos+biblicos+no+estas+sola&amp;gs_lcrp=EgZjaHJvbWUyBggAEEUYOTIICAEQABgWGB4yBwgCEAAY7wUyBwgDEAAY7wUyBwgEEAAY7wUyBwgFEAAY7wXSAQkxMTM3NmowajeoAgCwAgA&amp;sourceid=chrome&amp;ie=UTF-8&amp;ved=2ahUKEwiGtI764MSSAxXRgP0HHTM5CycQgK4QegQIAxAB\">Deuteronomio 31:8<\/a><\/strong><\/p>\n\n\n\n<p><\/p>\n","protected":false},"excerpt":{"rendered":"<p>Escribir la verdad, es algo que me motiva a seguir contando mis historias y a transmitirlas con claridad, me anima porque estoy segura de que a muchos les ha pasado algo parecido a lo m\u00edo.<\/p>\n","protected":false},"author":1,"featured_media":151,"comment_status":"open","ping_status":"open","sticky":false,"template":"","format":"standard","meta":{"footnotes":""},"categories":[14,36,40],"tags":[29,39,35],"class_list":["post-150","post","type-post","status-publish","format-standard","has-post-thumbnail","hentry","category-emocion","category-historia","category-no-estas-sola","tag-mente","tag-olvidar","tag-valor"],"yoast_head":"<!-- This site is optimized with the Yoast SEO plugin v27.5 - https:\/\/yoast.com\/product\/yoast-seo-wordpress\/ -->\n<title>Cuando casi olvid\u00e9 qui\u00e9n era - Dayiro<\/title>\n<meta name=\"description\" content=\"Cuando casi olvid\u00e9 qui\u00e9n era, Hab\u00eda perdido la motivaci\u00f3n, el encanto, y lo cierto es que no me ven\u00eda nada a la cabeza despu\u00e9s de los a\u00f1os que pas\u00e9 trabajando en un lugar donde no quer\u00eda estar.\" \/>\n<meta name=\"robots\" content=\"index, follow, max-snippet:-1, max-image-preview:large, max-video-preview:-1\" \/>\n<link rel=\"canonical\" href=\"https:\/\/dayiro.daisad.es\/blog\/cuando-casi-olvide-quien-era\/\" \/>\n<meta property=\"og:locale\" content=\"es_ES\" \/>\n<meta property=\"og:type\" content=\"article\" \/>\n<meta property=\"og:title\" content=\"Cuando casi olvid\u00e9 qui\u00e9n era - Dayiro\" \/>\n<meta property=\"og:description\" content=\"Cuando casi olvid\u00e9 qui\u00e9n era, Hab\u00eda perdido la motivaci\u00f3n, el encanto, y lo cierto es que no me ven\u00eda nada a la cabeza despu\u00e9s de los a\u00f1os que pas\u00e9 trabajando en un lugar donde no quer\u00eda estar.\" \/>\n<meta property=\"og:url\" content=\"https:\/\/dayiro.daisad.es\/blog\/cuando-casi-olvide-quien-era\/\" \/>\n<meta property=\"og:site_name\" content=\"Dayiro\" \/>\n<meta property=\"article:published_time\" content=\"2026-02-06T11:55:19+00:00\" \/>\n<meta property=\"article:modified_time\" content=\"2026-02-06T11:55:20+00:00\" \/>\n<meta property=\"og:image\" content=\"https:\/\/dayiro.daisad.es\/blog\/wp-content\/uploads\/2026\/02\/cuando-olvide-quien-era.png\" \/>\n\t<meta property=\"og:image:width\" content=\"1920\" \/>\n\t<meta property=\"og:image:height\" content=\"780\" \/>\n\t<meta property=\"og:image:type\" content=\"image\/png\" \/>\n<meta name=\"author\" content=\"dayiro\" \/>\n<meta name=\"twitter:card\" content=\"summary_large_image\" \/>\n<meta name=\"twitter:label1\" content=\"Escrito por\" \/>\n\t<meta name=\"twitter:data1\" content=\"dayiro\" \/>\n\t<meta name=\"twitter:label2\" content=\"Tiempo de lectura\" \/>\n\t<meta name=\"twitter:data2\" content=\"5 minutos\" \/>\n<script type=\"application\/ld+json\" class=\"yoast-schema-graph\">{\"@context\":\"https:\\\/\\\/schema.org\",\"@graph\":[{\"@type\":\"Article\",\"@id\":\"https:\\\/\\\/dayiro.daisad.es\\\/blog\\\/cuando-casi-olvide-quien-era\\\/#article\",\"isPartOf\":{\"@id\":\"https:\\\/\\\/dayiro.daisad.es\\\/blog\\\/cuando-casi-olvide-quien-era\\\/\"},\"author\":{\"name\":\"dayiro\",\"@id\":\"https:\\\/\\\/dayiro.daisad.es\\\/blog\\\/#\\\/schema\\\/person\\\/0c4770ff2113a2d9eb7f241aa918998a\"},\"headline\":\"Cuando casi olvid\u00e9 qui\u00e9n era\",\"datePublished\":\"2026-02-06T11:55:19+00:00\",\"dateModified\":\"2026-02-06T11:55:20+00:00\",\"mainEntityOfPage\":{\"@id\":\"https:\\\/\\\/dayiro.daisad.es\\\/blog\\\/cuando-casi-olvide-quien-era\\\/\"},\"wordCount\":907,\"commentCount\":1,\"publisher\":{\"@id\":\"https:\\\/\\\/dayiro.daisad.es\\\/blog\\\/#\\\/schema\\\/person\\\/0c4770ff2113a2d9eb7f241aa918998a\"},\"image\":{\"@id\":\"https:\\\/\\\/dayiro.daisad.es\\\/blog\\\/cuando-casi-olvide-quien-era\\\/#primaryimage\"},\"thumbnailUrl\":\"https:\\\/\\\/dayiro.daisad.es\\\/blog\\\/wp-content\\\/uploads\\\/2026\\\/02\\\/cuando-olvide-quien-era.png\",\"keywords\":[\"mente\",\"Olvidar\",\"valor\"],\"articleSection\":[\"Emoci\u00f3n\",\"Historia\",\"No estas sola\"],\"inLanguage\":\"es\",\"potentialAction\":[{\"@type\":\"CommentAction\",\"name\":\"Comment\",\"target\":[\"https:\\\/\\\/dayiro.daisad.es\\\/blog\\\/cuando-casi-olvide-quien-era\\\/#respond\"]}]},{\"@type\":\"WebPage\",\"@id\":\"https:\\\/\\\/dayiro.daisad.es\\\/blog\\\/cuando-casi-olvide-quien-era\\\/\",\"url\":\"https:\\\/\\\/dayiro.daisad.es\\\/blog\\\/cuando-casi-olvide-quien-era\\\/\",\"name\":\"Cuando casi olvid\u00e9 qui\u00e9n era - Dayiro\",\"isPartOf\":{\"@id\":\"https:\\\/\\\/dayiro.daisad.es\\\/blog\\\/#website\"},\"primaryImageOfPage\":{\"@id\":\"https:\\\/\\\/dayiro.daisad.es\\\/blog\\\/cuando-casi-olvide-quien-era\\\/#primaryimage\"},\"image\":{\"@id\":\"https:\\\/\\\/dayiro.daisad.es\\\/blog\\\/cuando-casi-olvide-quien-era\\\/#primaryimage\"},\"thumbnailUrl\":\"https:\\\/\\\/dayiro.daisad.es\\\/blog\\\/wp-content\\\/uploads\\\/2026\\\/02\\\/cuando-olvide-quien-era.png\",\"datePublished\":\"2026-02-06T11:55:19+00:00\",\"dateModified\":\"2026-02-06T11:55:20+00:00\",\"description\":\"Cuando casi olvid\u00e9 qui\u00e9n era, Hab\u00eda perdido la motivaci\u00f3n, el encanto, y lo cierto es que no me ven\u00eda nada a la cabeza despu\u00e9s de los a\u00f1os que pas\u00e9 trabajando en un lugar donde no quer\u00eda estar.\",\"breadcrumb\":{\"@id\":\"https:\\\/\\\/dayiro.daisad.es\\\/blog\\\/cuando-casi-olvide-quien-era\\\/#breadcrumb\"},\"inLanguage\":\"es\",\"potentialAction\":[{\"@type\":\"ReadAction\",\"target\":[\"https:\\\/\\\/dayiro.daisad.es\\\/blog\\\/cuando-casi-olvide-quien-era\\\/\"]}]},{\"@type\":\"ImageObject\",\"inLanguage\":\"es\",\"@id\":\"https:\\\/\\\/dayiro.daisad.es\\\/blog\\\/cuando-casi-olvide-quien-era\\\/#primaryimage\",\"url\":\"https:\\\/\\\/dayiro.daisad.es\\\/blog\\\/wp-content\\\/uploads\\\/2026\\\/02\\\/cuando-olvide-quien-era.png\",\"contentUrl\":\"https:\\\/\\\/dayiro.daisad.es\\\/blog\\\/wp-content\\\/uploads\\\/2026\\\/02\\\/cuando-olvide-quien-era.png\",\"width\":1920,\"height\":780},{\"@type\":\"BreadcrumbList\",\"@id\":\"https:\\\/\\\/dayiro.daisad.es\\\/blog\\\/cuando-casi-olvide-quien-era\\\/#breadcrumb\",\"itemListElement\":[{\"@type\":\"ListItem\",\"position\":1,\"name\":\"Portada\",\"item\":\"https:\\\/\\\/dayiro.daisad.es\\\/blog\\\/\"},{\"@type\":\"ListItem\",\"position\":2,\"name\":\"Cuando casi olvid\u00e9 qui\u00e9n era\"}]},{\"@type\":\"WebSite\",\"@id\":\"https:\\\/\\\/dayiro.daisad.es\\\/blog\\\/#website\",\"url\":\"https:\\\/\\\/dayiro.daisad.es\\\/blog\\\/\",\"name\":\"Dayiro\",\"description\":\"\",\"publisher\":{\"@id\":\"https:\\\/\\\/dayiro.daisad.es\\\/blog\\\/#\\\/schema\\\/person\\\/0c4770ff2113a2d9eb7f241aa918998a\"},\"potentialAction\":[{\"@type\":\"SearchAction\",\"target\":{\"@type\":\"EntryPoint\",\"urlTemplate\":\"https:\\\/\\\/dayiro.daisad.es\\\/blog\\\/?s={search_term_string}\"},\"query-input\":{\"@type\":\"PropertyValueSpecification\",\"valueRequired\":true,\"valueName\":\"search_term_string\"}}],\"inLanguage\":\"es\"},{\"@type\":[\"Person\",\"Organization\"],\"@id\":\"https:\\\/\\\/dayiro.daisad.es\\\/blog\\\/#\\\/schema\\\/person\\\/0c4770ff2113a2d9eb7f241aa918998a\",\"name\":\"dayiro\",\"image\":{\"@type\":\"ImageObject\",\"inLanguage\":\"es\",\"@id\":\"https:\\\/\\\/dayiro.daisad.es\\\/blog\\\/wp-content\\\/uploads\\\/2022\\\/04\\\/cropped-Logotipo-con-circulo-trazado-a-mano-2.png\",\"url\":\"https:\\\/\\\/dayiro.daisad.es\\\/blog\\\/wp-content\\\/uploads\\\/2022\\\/04\\\/cropped-Logotipo-con-circulo-trazado-a-mano-2.png\",\"contentUrl\":\"https:\\\/\\\/dayiro.daisad.es\\\/blog\\\/wp-content\\\/uploads\\\/2022\\\/04\\\/cropped-Logotipo-con-circulo-trazado-a-mano-2.png\",\"width\":500,\"height\":500,\"caption\":\"dayiro\"},\"logo\":{\"@id\":\"https:\\\/\\\/dayiro.daisad.es\\\/blog\\\/wp-content\\\/uploads\\\/2022\\\/04\\\/cropped-Logotipo-con-circulo-trazado-a-mano-2.png\"},\"sameAs\":[\"https:\\\/\\\/dayiro.daisad.es\\\/blog\"],\"url\":\"https:\\\/\\\/dayiro.daisad.es\\\/blog\\\/author\\\/dayiro\\\/\"}]}<\/script>\n<!-- \/ Yoast SEO plugin. -->","yoast_head_json":{"title":"Cuando casi olvid\u00e9 qui\u00e9n era - Dayiro","description":"Cuando casi olvid\u00e9 qui\u00e9n era, Hab\u00eda perdido la motivaci\u00f3n, el encanto, y lo cierto es que no me ven\u00eda nada a la cabeza despu\u00e9s de los a\u00f1os que pas\u00e9 trabajando en un lugar donde no quer\u00eda estar.","robots":{"index":"index","follow":"follow","max-snippet":"max-snippet:-1","max-image-preview":"max-image-preview:large","max-video-preview":"max-video-preview:-1"},"canonical":"https:\/\/dayiro.daisad.es\/blog\/cuando-casi-olvide-quien-era\/","og_locale":"es_ES","og_type":"article","og_title":"Cuando casi olvid\u00e9 qui\u00e9n era - Dayiro","og_description":"Cuando casi olvid\u00e9 qui\u00e9n era, Hab\u00eda perdido la motivaci\u00f3n, el encanto, y lo cierto es que no me ven\u00eda nada a la cabeza despu\u00e9s de los a\u00f1os que pas\u00e9 trabajando en un lugar donde no quer\u00eda estar.","og_url":"https:\/\/dayiro.daisad.es\/blog\/cuando-casi-olvide-quien-era\/","og_site_name":"Dayiro","article_published_time":"2026-02-06T11:55:19+00:00","article_modified_time":"2026-02-06T11:55:20+00:00","og_image":[{"width":1920,"height":780,"url":"https:\/\/dayiro.daisad.es\/blog\/wp-content\/uploads\/2026\/02\/cuando-olvide-quien-era.png","type":"image\/png"}],"author":"dayiro","twitter_card":"summary_large_image","twitter_misc":{"Escrito por":"dayiro","Tiempo de lectura":"5 minutos"},"schema":{"@context":"https:\/\/schema.org","@graph":[{"@type":"Article","@id":"https:\/\/dayiro.daisad.es\/blog\/cuando-casi-olvide-quien-era\/#article","isPartOf":{"@id":"https:\/\/dayiro.daisad.es\/blog\/cuando-casi-olvide-quien-era\/"},"author":{"name":"dayiro","@id":"https:\/\/dayiro.daisad.es\/blog\/#\/schema\/person\/0c4770ff2113a2d9eb7f241aa918998a"},"headline":"Cuando casi olvid\u00e9 qui\u00e9n era","datePublished":"2026-02-06T11:55:19+00:00","dateModified":"2026-02-06T11:55:20+00:00","mainEntityOfPage":{"@id":"https:\/\/dayiro.daisad.es\/blog\/cuando-casi-olvide-quien-era\/"},"wordCount":907,"commentCount":1,"publisher":{"@id":"https:\/\/dayiro.daisad.es\/blog\/#\/schema\/person\/0c4770ff2113a2d9eb7f241aa918998a"},"image":{"@id":"https:\/\/dayiro.daisad.es\/blog\/cuando-casi-olvide-quien-era\/#primaryimage"},"thumbnailUrl":"https:\/\/dayiro.daisad.es\/blog\/wp-content\/uploads\/2026\/02\/cuando-olvide-quien-era.png","keywords":["mente","Olvidar","valor"],"articleSection":["Emoci\u00f3n","Historia","No estas sola"],"inLanguage":"es","potentialAction":[{"@type":"CommentAction","name":"Comment","target":["https:\/\/dayiro.daisad.es\/blog\/cuando-casi-olvide-quien-era\/#respond"]}]},{"@type":"WebPage","@id":"https:\/\/dayiro.daisad.es\/blog\/cuando-casi-olvide-quien-era\/","url":"https:\/\/dayiro.daisad.es\/blog\/cuando-casi-olvide-quien-era\/","name":"Cuando casi olvid\u00e9 qui\u00e9n era - Dayiro","isPartOf":{"@id":"https:\/\/dayiro.daisad.es\/blog\/#website"},"primaryImageOfPage":{"@id":"https:\/\/dayiro.daisad.es\/blog\/cuando-casi-olvide-quien-era\/#primaryimage"},"image":{"@id":"https:\/\/dayiro.daisad.es\/blog\/cuando-casi-olvide-quien-era\/#primaryimage"},"thumbnailUrl":"https:\/\/dayiro.daisad.es\/blog\/wp-content\/uploads\/2026\/02\/cuando-olvide-quien-era.png","datePublished":"2026-02-06T11:55:19+00:00","dateModified":"2026-02-06T11:55:20+00:00","description":"Cuando casi olvid\u00e9 qui\u00e9n era, Hab\u00eda perdido la motivaci\u00f3n, el encanto, y lo cierto es que no me ven\u00eda nada a la cabeza despu\u00e9s de los a\u00f1os que pas\u00e9 trabajando en un lugar donde no quer\u00eda estar.","breadcrumb":{"@id":"https:\/\/dayiro.daisad.es\/blog\/cuando-casi-olvide-quien-era\/#breadcrumb"},"inLanguage":"es","potentialAction":[{"@type":"ReadAction","target":["https:\/\/dayiro.daisad.es\/blog\/cuando-casi-olvide-quien-era\/"]}]},{"@type":"ImageObject","inLanguage":"es","@id":"https:\/\/dayiro.daisad.es\/blog\/cuando-casi-olvide-quien-era\/#primaryimage","url":"https:\/\/dayiro.daisad.es\/blog\/wp-content\/uploads\/2026\/02\/cuando-olvide-quien-era.png","contentUrl":"https:\/\/dayiro.daisad.es\/blog\/wp-content\/uploads\/2026\/02\/cuando-olvide-quien-era.png","width":1920,"height":780},{"@type":"BreadcrumbList","@id":"https:\/\/dayiro.daisad.es\/blog\/cuando-casi-olvide-quien-era\/#breadcrumb","itemListElement":[{"@type":"ListItem","position":1,"name":"Portada","item":"https:\/\/dayiro.daisad.es\/blog\/"},{"@type":"ListItem","position":2,"name":"Cuando casi olvid\u00e9 qui\u00e9n era"}]},{"@type":"WebSite","@id":"https:\/\/dayiro.daisad.es\/blog\/#website","url":"https:\/\/dayiro.daisad.es\/blog\/","name":"Dayiro","description":"","publisher":{"@id":"https:\/\/dayiro.daisad.es\/blog\/#\/schema\/person\/0c4770ff2113a2d9eb7f241aa918998a"},"potentialAction":[{"@type":"SearchAction","target":{"@type":"EntryPoint","urlTemplate":"https:\/\/dayiro.daisad.es\/blog\/?s={search_term_string}"},"query-input":{"@type":"PropertyValueSpecification","valueRequired":true,"valueName":"search_term_string"}}],"inLanguage":"es"},{"@type":["Person","Organization"],"@id":"https:\/\/dayiro.daisad.es\/blog\/#\/schema\/person\/0c4770ff2113a2d9eb7f241aa918998a","name":"dayiro","image":{"@type":"ImageObject","inLanguage":"es","@id":"https:\/\/dayiro.daisad.es\/blog\/wp-content\/uploads\/2022\/04\/cropped-Logotipo-con-circulo-trazado-a-mano-2.png","url":"https:\/\/dayiro.daisad.es\/blog\/wp-content\/uploads\/2022\/04\/cropped-Logotipo-con-circulo-trazado-a-mano-2.png","contentUrl":"https:\/\/dayiro.daisad.es\/blog\/wp-content\/uploads\/2022\/04\/cropped-Logotipo-con-circulo-trazado-a-mano-2.png","width":500,"height":500,"caption":"dayiro"},"logo":{"@id":"https:\/\/dayiro.daisad.es\/blog\/wp-content\/uploads\/2022\/04\/cropped-Logotipo-con-circulo-trazado-a-mano-2.png"},"sameAs":["https:\/\/dayiro.daisad.es\/blog"],"url":"https:\/\/dayiro.daisad.es\/blog\/author\/dayiro\/"}]}},"post_mailing_queue_ids":[],"_links":{"self":[{"href":"https:\/\/dayiro.daisad.es\/blog\/wp-json\/wp\/v2\/posts\/150","targetHints":{"allow":["GET"]}}],"collection":[{"href":"https:\/\/dayiro.daisad.es\/blog\/wp-json\/wp\/v2\/posts"}],"about":[{"href":"https:\/\/dayiro.daisad.es\/blog\/wp-json\/wp\/v2\/types\/post"}],"author":[{"embeddable":true,"href":"https:\/\/dayiro.daisad.es\/blog\/wp-json\/wp\/v2\/users\/1"}],"replies":[{"embeddable":true,"href":"https:\/\/dayiro.daisad.es\/blog\/wp-json\/wp\/v2\/comments?post=150"}],"version-history":[{"count":1,"href":"https:\/\/dayiro.daisad.es\/blog\/wp-json\/wp\/v2\/posts\/150\/revisions"}],"predecessor-version":[{"id":152,"href":"https:\/\/dayiro.daisad.es\/blog\/wp-json\/wp\/v2\/posts\/150\/revisions\/152"}],"wp:featuredmedia":[{"embeddable":true,"href":"https:\/\/dayiro.daisad.es\/blog\/wp-json\/wp\/v2\/media\/151"}],"wp:attachment":[{"href":"https:\/\/dayiro.daisad.es\/blog\/wp-json\/wp\/v2\/media?parent=150"}],"wp:term":[{"taxonomy":"category","embeddable":true,"href":"https:\/\/dayiro.daisad.es\/blog\/wp-json\/wp\/v2\/categories?post=150"},{"taxonomy":"post_tag","embeddable":true,"href":"https:\/\/dayiro.daisad.es\/blog\/wp-json\/wp\/v2\/tags?post=150"}],"curies":[{"name":"wp","href":"https:\/\/api.w.org\/{rel}","templated":true}]}}