{"id":146,"date":"2026-02-04T14:22:00","date_gmt":"2026-02-04T13:22:00","guid":{"rendered":"https:\/\/dayiro.daisad.es\/blog\/?p=146"},"modified":"2026-02-04T20:32:06","modified_gmt":"2026-02-04T19:32:06","slug":"companera-inseparable","status":"publish","type":"post","link":"https:\/\/dayiro.daisad.es\/blog\/companera-inseparable\/","title":{"rendered":"Compa\u00f1era inseparable"},"content":{"rendered":"\n<p>Quiero escribir y contar la historia de una compa\u00f1era valiosa y, a la vez, muy especial. No s\u00e9 si ella lo sabe, pero fue un rayo de luz en aquel lugar. Aunque no todo termin\u00f3 de la mejor manera, yo s\u00ed que la echo de menos\u2026 y mucho.<\/p>\n\n\n\n<!--more-->\n\n\n\n<p>La llamar\u00e9 <strong>Luz<\/strong>, por ponerle un nombre. En aquel momento estaban buscando m\u00e1s personal y, en medio de varias compa\u00f1eras complicadas, lleg\u00f3 ella. D\u00e9jenme decirles que no estaba previsto que trabaj\u00e1ramos juntas, ya que nos rotaban, pero por circunstancias de la vida termin\u00f3 siendo mi compa\u00f1era todos los d\u00edas. Y qu\u00e9 suerte, porque compenetramos s\u00faper bien. Ten\u00edamos formas de pensar distintas en muchas ocasiones, pero nos un\u00edan muchas cosas en com\u00fan.<\/p>\n\n\n\n<p>El resto de las compa\u00f1eras, por decirlo de alguna manera, nos hizo a un lado: malas caras, portazos, discusiones sin sentido\u2026 pero, aun as\u00ed, nosotras permanec\u00edamos juntas. Qu\u00e9 d\u00edas tan locos, en un trabajo al que todos vamos porque, como la palabra lo dice, es trabajo y lo necesitamos, claro est\u00e1.<\/p>\n\n\n\n<p>Luz y yo empezamos a llevar desayunos juntas, y vaya atracones nos d\u00e1bamos. Compartimos experiencias de nuestras ni\u00f1as, d\u00edas de lluvia, jornadas sin parar ni siquiera a comer, clientes conflictivos, risas y much\u00edsimas vivencias, tanto suyas como m\u00edas. Tambi\u00e9n nos cubr\u00edamos las espaldas la una a la otra. Aunque entre el encargado y algunas compa\u00f1eras nos hac\u00edan la vida imposible, nos apoy\u00e1bamos mutuamente\u2026 hasta que lleg\u00f3 un d\u00eda que fue una verdadera prueba para ambas, una prueba de compa\u00f1erismo y apoyo real.<\/p>\n\n\n\n<p>Hab\u00edamos afrontado muchas cosas juntas, y entonces apareci\u00f3 la mentira, o esa sensaci\u00f3n tan dura de sentirse traicionada por alguien a quien quieres. Eso, inevitablemente, crea una barrera. Luz se vio envuelta en un error que le cost\u00f3 el trabajo. Para m\u00ed fue fruto de la inmadurez de la edad o de la inexperiencia, sumado a personas que no fueron buenas y que aprovecharon ese error para hacer da\u00f1o. Con el tiempo, as\u00ed lo entendimos.<\/p>\n\n\n\n<p>Luz hizo algo que no deb\u00eda y lo ocult\u00f3, incluso a m\u00ed. A veces, cuando no hablamos con la verdad, eso termina volvi\u00e9ndose en nuestra contra. Muchas personas atacaron sin perdonar ni dar una segunda oportunidad.<\/p>\n\n\n\n<p>Para m\u00ed fue horrible. Me sent\u00ed traicionada, como si no hubiera existido la confianza que hab\u00edamos construido. Un fallo humano nos puso en el punto de mira. Lleg\u00f3 el momento en que todo se aclar\u00f3 y se entendi\u00f3 lo que hab\u00eda pasado, pero tristemente ella se fue: la despidieron. Yo me qued\u00e9 sola otra vez.<\/p>\n\n\n\n<p>Hoy s\u00e9 que, para ella, fue lo mejor que pudo pasar. Un error se transform\u00f3 en un nuevo comienzo. Para m\u00ed, qued\u00f3 un vac\u00edo que con el tiempo aprend\u00ed a sanar.<\/p>\n\n\n\n<p>La echo de menos. Y s\u00e9 que muchas veces no somos conscientes de lo valioso que alguien es para nosotros hasta que ya no est\u00e1. Pero la vida contin\u00faa.<\/p>\n\n\n\n<p>En aquel momento de neblina entend\u00ed que hay personas que pasan por nuestra vida dejando huellas y ense\u00f1anzas muy valiosas. Luz y yo seguimos en contacto, ya no como antes, porque la distancia nos separa, pero s\u00ed con cari\u00f1o. Estoy agradecida, porque aprend\u00ed que la verdad siempre es la mejor opci\u00f3n y que perdonar lo es a\u00fan m\u00e1s. No somos perfectos, y ah\u00ed es donde entra el amor de Dios. Si \u00c9l muri\u00f3 en una cruz, \u00bfqui\u00e9n soy yo para no perdonar?<\/p>\n\n\n\n<p>Hoy le digo a Luz que la echo de menos y que estoy profundamente agradecida por haberla conocido. Porque la vida tambi\u00e9n se trata de ser valientes y seguir adelante, y creo que ella lo ha hecho con mucha fuerza y energ\u00eda.<\/p>\n\n\n\n<p>Puedo decir que all\u00ed viv\u00ed un tramo m\u00e1s de mi monta\u00f1a rusa de emociones, donde cada d\u00eda era un reto. Quiero seguir cont\u00e1ndolo, as\u00ed que s\u00edgueme y no olvides que:<\/p>\n\n\n\n<blockquote class=\"wp-block-quote is-layout-flow wp-block-quote-is-layout-flow\">\n<p>\u201cDe modo que se toleren unos a otros y se perdonen si alguno tiene queja contra otro. As\u00ed como el Se\u00f1or los perdon\u00f3, perdonen tambi\u00e9n ustedes. Por encima de todo, v\u00edstanse de amor, que es el v\u00ednculo perfecto.\u201d<br><strong>Colosenses 3:13\u201314 (NVI)<\/strong><\/p>\n<\/blockquote>\n","protected":false},"excerpt":{"rendered":"<p>Quiero escribir y contar la historia de una compa\u00f1era valiosa y, a la vez, muy especial. No s\u00e9 si ella lo sabe, pero fue un rayo de luz en aquel lugar. Aunque no todo termin\u00f3 de la mejor manera, yo s\u00ed que la echo de menos\u2026 y mucho.<\/p>\n","protected":false},"author":1,"featured_media":148,"comment_status":"open","ping_status":"open","sticky":false,"template":"","format":"standard","meta":{"footnotes":""},"categories":[37,36],"tags":[38],"class_list":["post-146","post","type-post","status-publish","format-standard","has-post-thumbnail","hentry","category-companera","category-historia","tag-curro"],"yoast_head":"<!-- This site is optimized with the Yoast SEO plugin v27.5 - https:\/\/yoast.com\/product\/yoast-seo-wordpress\/ -->\n<title>Compa\u00f1era inseparable - Dayiro<\/title>\n<meta name=\"description\" content=\"Quiero escribir y contar la historia de una compa\u00f1era valiosa y, a la vez, muy especial. No s\u00e9 si ella lo sabe, pero fue un rayo de luz en aquel lugar. Aunque no todo termin\u00f3 de la mejor manera, yo s\u00ed que la echo de menos\u2026\" \/>\n<meta name=\"robots\" content=\"index, follow, max-snippet:-1, max-image-preview:large, max-video-preview:-1\" \/>\n<link rel=\"canonical\" href=\"https:\/\/dayiro.daisad.es\/blog\/companera-inseparable\/\" \/>\n<meta property=\"og:locale\" content=\"es_ES\" \/>\n<meta property=\"og:type\" content=\"article\" \/>\n<meta property=\"og:title\" content=\"Compa\u00f1era inseparable - Dayiro\" \/>\n<meta property=\"og:description\" content=\"Quiero escribir y contar la historia de una compa\u00f1era valiosa y, a la vez, muy especial. No s\u00e9 si ella lo sabe, pero fue un rayo de luz en aquel lugar. Aunque no todo termin\u00f3 de la mejor manera, yo s\u00ed que la echo de menos\u2026\" \/>\n<meta property=\"og:url\" content=\"https:\/\/dayiro.daisad.es\/blog\/companera-inseparable\/\" \/>\n<meta property=\"og:site_name\" content=\"Dayiro\" \/>\n<meta property=\"article:published_time\" content=\"2026-02-04T13:22:00+00:00\" \/>\n<meta property=\"article:modified_time\" content=\"2026-02-04T19:32:06+00:00\" \/>\n<meta property=\"og:image\" content=\"https:\/\/dayiro.daisad.es\/blog\/wp-content\/uploads\/2026\/02\/companera.png\" \/>\n\t<meta property=\"og:image:width\" content=\"1920\" \/>\n\t<meta property=\"og:image:height\" content=\"780\" \/>\n\t<meta property=\"og:image:type\" content=\"image\/png\" \/>\n<meta name=\"author\" content=\"dayiro\" \/>\n<meta name=\"twitter:card\" content=\"summary_large_image\" \/>\n<meta name=\"twitter:label1\" content=\"Escrito por\" \/>\n\t<meta name=\"twitter:data1\" content=\"dayiro\" \/>\n\t<meta name=\"twitter:label2\" content=\"Tiempo de lectura\" \/>\n\t<meta name=\"twitter:data2\" content=\"4 minutos\" \/>\n<script type=\"application\/ld+json\" class=\"yoast-schema-graph\">{\"@context\":\"https:\\\/\\\/schema.org\",\"@graph\":[{\"@type\":\"Article\",\"@id\":\"https:\\\/\\\/dayiro.daisad.es\\\/blog\\\/companera-inseparable\\\/#article\",\"isPartOf\":{\"@id\":\"https:\\\/\\\/dayiro.daisad.es\\\/blog\\\/companera-inseparable\\\/\"},\"author\":{\"name\":\"dayiro\",\"@id\":\"https:\\\/\\\/dayiro.daisad.es\\\/blog\\\/#\\\/schema\\\/person\\\/0c4770ff2113a2d9eb7f241aa918998a\"},\"headline\":\"Compa\u00f1era inseparable\",\"datePublished\":\"2026-02-04T13:22:00+00:00\",\"dateModified\":\"2026-02-04T19:32:06+00:00\",\"mainEntityOfPage\":{\"@id\":\"https:\\\/\\\/dayiro.daisad.es\\\/blog\\\/companera-inseparable\\\/\"},\"wordCount\":727,\"commentCount\":0,\"publisher\":{\"@id\":\"https:\\\/\\\/dayiro.daisad.es\\\/blog\\\/#\\\/schema\\\/person\\\/0c4770ff2113a2d9eb7f241aa918998a\"},\"image\":{\"@id\":\"https:\\\/\\\/dayiro.daisad.es\\\/blog\\\/companera-inseparable\\\/#primaryimage\"},\"thumbnailUrl\":\"https:\\\/\\\/dayiro.daisad.es\\\/blog\\\/wp-content\\\/uploads\\\/2026\\\/02\\\/companera.png\",\"keywords\":[\"Curro\"],\"articleSection\":[\"Compa\u00f1era\",\"Historia\"],\"inLanguage\":\"es\",\"potentialAction\":[{\"@type\":\"CommentAction\",\"name\":\"Comment\",\"target\":[\"https:\\\/\\\/dayiro.daisad.es\\\/blog\\\/companera-inseparable\\\/#respond\"]}]},{\"@type\":\"WebPage\",\"@id\":\"https:\\\/\\\/dayiro.daisad.es\\\/blog\\\/companera-inseparable\\\/\",\"url\":\"https:\\\/\\\/dayiro.daisad.es\\\/blog\\\/companera-inseparable\\\/\",\"name\":\"Compa\u00f1era inseparable - Dayiro\",\"isPartOf\":{\"@id\":\"https:\\\/\\\/dayiro.daisad.es\\\/blog\\\/#website\"},\"primaryImageOfPage\":{\"@id\":\"https:\\\/\\\/dayiro.daisad.es\\\/blog\\\/companera-inseparable\\\/#primaryimage\"},\"image\":{\"@id\":\"https:\\\/\\\/dayiro.daisad.es\\\/blog\\\/companera-inseparable\\\/#primaryimage\"},\"thumbnailUrl\":\"https:\\\/\\\/dayiro.daisad.es\\\/blog\\\/wp-content\\\/uploads\\\/2026\\\/02\\\/companera.png\",\"datePublished\":\"2026-02-04T13:22:00+00:00\",\"dateModified\":\"2026-02-04T19:32:06+00:00\",\"description\":\"Quiero escribir y contar la historia de una compa\u00f1era valiosa y, a la vez, muy especial. No s\u00e9 si ella lo sabe, pero fue un rayo de luz en aquel lugar. Aunque no todo termin\u00f3 de la mejor manera, yo s\u00ed que la echo de menos\u2026\",\"breadcrumb\":{\"@id\":\"https:\\\/\\\/dayiro.daisad.es\\\/blog\\\/companera-inseparable\\\/#breadcrumb\"},\"inLanguage\":\"es\",\"potentialAction\":[{\"@type\":\"ReadAction\",\"target\":[\"https:\\\/\\\/dayiro.daisad.es\\\/blog\\\/companera-inseparable\\\/\"]}]},{\"@type\":\"ImageObject\",\"inLanguage\":\"es\",\"@id\":\"https:\\\/\\\/dayiro.daisad.es\\\/blog\\\/companera-inseparable\\\/#primaryimage\",\"url\":\"https:\\\/\\\/dayiro.daisad.es\\\/blog\\\/wp-content\\\/uploads\\\/2026\\\/02\\\/companera.png\",\"contentUrl\":\"https:\\\/\\\/dayiro.daisad.es\\\/blog\\\/wp-content\\\/uploads\\\/2026\\\/02\\\/companera.png\",\"width\":1920,\"height\":780},{\"@type\":\"BreadcrumbList\",\"@id\":\"https:\\\/\\\/dayiro.daisad.es\\\/blog\\\/companera-inseparable\\\/#breadcrumb\",\"itemListElement\":[{\"@type\":\"ListItem\",\"position\":1,\"name\":\"Portada\",\"item\":\"https:\\\/\\\/dayiro.daisad.es\\\/blog\\\/\"},{\"@type\":\"ListItem\",\"position\":2,\"name\":\"Compa\u00f1era inseparable\"}]},{\"@type\":\"WebSite\",\"@id\":\"https:\\\/\\\/dayiro.daisad.es\\\/blog\\\/#website\",\"url\":\"https:\\\/\\\/dayiro.daisad.es\\\/blog\\\/\",\"name\":\"Dayiro\",\"description\":\"\",\"publisher\":{\"@id\":\"https:\\\/\\\/dayiro.daisad.es\\\/blog\\\/#\\\/schema\\\/person\\\/0c4770ff2113a2d9eb7f241aa918998a\"},\"potentialAction\":[{\"@type\":\"SearchAction\",\"target\":{\"@type\":\"EntryPoint\",\"urlTemplate\":\"https:\\\/\\\/dayiro.daisad.es\\\/blog\\\/?s={search_term_string}\"},\"query-input\":{\"@type\":\"PropertyValueSpecification\",\"valueRequired\":true,\"valueName\":\"search_term_string\"}}],\"inLanguage\":\"es\"},{\"@type\":[\"Person\",\"Organization\"],\"@id\":\"https:\\\/\\\/dayiro.daisad.es\\\/blog\\\/#\\\/schema\\\/person\\\/0c4770ff2113a2d9eb7f241aa918998a\",\"name\":\"dayiro\",\"image\":{\"@type\":\"ImageObject\",\"inLanguage\":\"es\",\"@id\":\"https:\\\/\\\/dayiro.daisad.es\\\/blog\\\/wp-content\\\/uploads\\\/2022\\\/04\\\/cropped-Logotipo-con-circulo-trazado-a-mano-2.png\",\"url\":\"https:\\\/\\\/dayiro.daisad.es\\\/blog\\\/wp-content\\\/uploads\\\/2022\\\/04\\\/cropped-Logotipo-con-circulo-trazado-a-mano-2.png\",\"contentUrl\":\"https:\\\/\\\/dayiro.daisad.es\\\/blog\\\/wp-content\\\/uploads\\\/2022\\\/04\\\/cropped-Logotipo-con-circulo-trazado-a-mano-2.png\",\"width\":500,\"height\":500,\"caption\":\"dayiro\"},\"logo\":{\"@id\":\"https:\\\/\\\/dayiro.daisad.es\\\/blog\\\/wp-content\\\/uploads\\\/2022\\\/04\\\/cropped-Logotipo-con-circulo-trazado-a-mano-2.png\"},\"sameAs\":[\"https:\\\/\\\/dayiro.daisad.es\\\/blog\"],\"url\":\"https:\\\/\\\/dayiro.daisad.es\\\/blog\\\/author\\\/dayiro\\\/\"}]}<\/script>\n<!-- \/ Yoast SEO plugin. -->","yoast_head_json":{"title":"Compa\u00f1era inseparable - Dayiro","description":"Quiero escribir y contar la historia de una compa\u00f1era valiosa y, a la vez, muy especial. No s\u00e9 si ella lo sabe, pero fue un rayo de luz en aquel lugar. Aunque no todo termin\u00f3 de la mejor manera, yo s\u00ed que la echo de menos\u2026","robots":{"index":"index","follow":"follow","max-snippet":"max-snippet:-1","max-image-preview":"max-image-preview:large","max-video-preview":"max-video-preview:-1"},"canonical":"https:\/\/dayiro.daisad.es\/blog\/companera-inseparable\/","og_locale":"es_ES","og_type":"article","og_title":"Compa\u00f1era inseparable - Dayiro","og_description":"Quiero escribir y contar la historia de una compa\u00f1era valiosa y, a la vez, muy especial. No s\u00e9 si ella lo sabe, pero fue un rayo de luz en aquel lugar. Aunque no todo termin\u00f3 de la mejor manera, yo s\u00ed que la echo de menos\u2026","og_url":"https:\/\/dayiro.daisad.es\/blog\/companera-inseparable\/","og_site_name":"Dayiro","article_published_time":"2026-02-04T13:22:00+00:00","article_modified_time":"2026-02-04T19:32:06+00:00","og_image":[{"width":1920,"height":780,"url":"https:\/\/dayiro.daisad.es\/blog\/wp-content\/uploads\/2026\/02\/companera.png","type":"image\/png"}],"author":"dayiro","twitter_card":"summary_large_image","twitter_misc":{"Escrito por":"dayiro","Tiempo de lectura":"4 minutos"},"schema":{"@context":"https:\/\/schema.org","@graph":[{"@type":"Article","@id":"https:\/\/dayiro.daisad.es\/blog\/companera-inseparable\/#article","isPartOf":{"@id":"https:\/\/dayiro.daisad.es\/blog\/companera-inseparable\/"},"author":{"name":"dayiro","@id":"https:\/\/dayiro.daisad.es\/blog\/#\/schema\/person\/0c4770ff2113a2d9eb7f241aa918998a"},"headline":"Compa\u00f1era inseparable","datePublished":"2026-02-04T13:22:00+00:00","dateModified":"2026-02-04T19:32:06+00:00","mainEntityOfPage":{"@id":"https:\/\/dayiro.daisad.es\/blog\/companera-inseparable\/"},"wordCount":727,"commentCount":0,"publisher":{"@id":"https:\/\/dayiro.daisad.es\/blog\/#\/schema\/person\/0c4770ff2113a2d9eb7f241aa918998a"},"image":{"@id":"https:\/\/dayiro.daisad.es\/blog\/companera-inseparable\/#primaryimage"},"thumbnailUrl":"https:\/\/dayiro.daisad.es\/blog\/wp-content\/uploads\/2026\/02\/companera.png","keywords":["Curro"],"articleSection":["Compa\u00f1era","Historia"],"inLanguage":"es","potentialAction":[{"@type":"CommentAction","name":"Comment","target":["https:\/\/dayiro.daisad.es\/blog\/companera-inseparable\/#respond"]}]},{"@type":"WebPage","@id":"https:\/\/dayiro.daisad.es\/blog\/companera-inseparable\/","url":"https:\/\/dayiro.daisad.es\/blog\/companera-inseparable\/","name":"Compa\u00f1era inseparable - Dayiro","isPartOf":{"@id":"https:\/\/dayiro.daisad.es\/blog\/#website"},"primaryImageOfPage":{"@id":"https:\/\/dayiro.daisad.es\/blog\/companera-inseparable\/#primaryimage"},"image":{"@id":"https:\/\/dayiro.daisad.es\/blog\/companera-inseparable\/#primaryimage"},"thumbnailUrl":"https:\/\/dayiro.daisad.es\/blog\/wp-content\/uploads\/2026\/02\/companera.png","datePublished":"2026-02-04T13:22:00+00:00","dateModified":"2026-02-04T19:32:06+00:00","description":"Quiero escribir y contar la historia de una compa\u00f1era valiosa y, a la vez, muy especial. No s\u00e9 si ella lo sabe, pero fue un rayo de luz en aquel lugar. Aunque no todo termin\u00f3 de la mejor manera, yo s\u00ed que la echo de menos\u2026","breadcrumb":{"@id":"https:\/\/dayiro.daisad.es\/blog\/companera-inseparable\/#breadcrumb"},"inLanguage":"es","potentialAction":[{"@type":"ReadAction","target":["https:\/\/dayiro.daisad.es\/blog\/companera-inseparable\/"]}]},{"@type":"ImageObject","inLanguage":"es","@id":"https:\/\/dayiro.daisad.es\/blog\/companera-inseparable\/#primaryimage","url":"https:\/\/dayiro.daisad.es\/blog\/wp-content\/uploads\/2026\/02\/companera.png","contentUrl":"https:\/\/dayiro.daisad.es\/blog\/wp-content\/uploads\/2026\/02\/companera.png","width":1920,"height":780},{"@type":"BreadcrumbList","@id":"https:\/\/dayiro.daisad.es\/blog\/companera-inseparable\/#breadcrumb","itemListElement":[{"@type":"ListItem","position":1,"name":"Portada","item":"https:\/\/dayiro.daisad.es\/blog\/"},{"@type":"ListItem","position":2,"name":"Compa\u00f1era inseparable"}]},{"@type":"WebSite","@id":"https:\/\/dayiro.daisad.es\/blog\/#website","url":"https:\/\/dayiro.daisad.es\/blog\/","name":"Dayiro","description":"","publisher":{"@id":"https:\/\/dayiro.daisad.es\/blog\/#\/schema\/person\/0c4770ff2113a2d9eb7f241aa918998a"},"potentialAction":[{"@type":"SearchAction","target":{"@type":"EntryPoint","urlTemplate":"https:\/\/dayiro.daisad.es\/blog\/?s={search_term_string}"},"query-input":{"@type":"PropertyValueSpecification","valueRequired":true,"valueName":"search_term_string"}}],"inLanguage":"es"},{"@type":["Person","Organization"],"@id":"https:\/\/dayiro.daisad.es\/blog\/#\/schema\/person\/0c4770ff2113a2d9eb7f241aa918998a","name":"dayiro","image":{"@type":"ImageObject","inLanguage":"es","@id":"https:\/\/dayiro.daisad.es\/blog\/wp-content\/uploads\/2022\/04\/cropped-Logotipo-con-circulo-trazado-a-mano-2.png","url":"https:\/\/dayiro.daisad.es\/blog\/wp-content\/uploads\/2022\/04\/cropped-Logotipo-con-circulo-trazado-a-mano-2.png","contentUrl":"https:\/\/dayiro.daisad.es\/blog\/wp-content\/uploads\/2022\/04\/cropped-Logotipo-con-circulo-trazado-a-mano-2.png","width":500,"height":500,"caption":"dayiro"},"logo":{"@id":"https:\/\/dayiro.daisad.es\/blog\/wp-content\/uploads\/2022\/04\/cropped-Logotipo-con-circulo-trazado-a-mano-2.png"},"sameAs":["https:\/\/dayiro.daisad.es\/blog"],"url":"https:\/\/dayiro.daisad.es\/blog\/author\/dayiro\/"}]}},"post_mailing_queue_ids":[],"_links":{"self":[{"href":"https:\/\/dayiro.daisad.es\/blog\/wp-json\/wp\/v2\/posts\/146","targetHints":{"allow":["GET"]}}],"collection":[{"href":"https:\/\/dayiro.daisad.es\/blog\/wp-json\/wp\/v2\/posts"}],"about":[{"href":"https:\/\/dayiro.daisad.es\/blog\/wp-json\/wp\/v2\/types\/post"}],"author":[{"embeddable":true,"href":"https:\/\/dayiro.daisad.es\/blog\/wp-json\/wp\/v2\/users\/1"}],"replies":[{"embeddable":true,"href":"https:\/\/dayiro.daisad.es\/blog\/wp-json\/wp\/v2\/comments?post=146"}],"version-history":[{"count":1,"href":"https:\/\/dayiro.daisad.es\/blog\/wp-json\/wp\/v2\/posts\/146\/revisions"}],"predecessor-version":[{"id":147,"href":"https:\/\/dayiro.daisad.es\/blog\/wp-json\/wp\/v2\/posts\/146\/revisions\/147"}],"wp:featuredmedia":[{"embeddable":true,"href":"https:\/\/dayiro.daisad.es\/blog\/wp-json\/wp\/v2\/media\/148"}],"wp:attachment":[{"href":"https:\/\/dayiro.daisad.es\/blog\/wp-json\/wp\/v2\/media?parent=146"}],"wp:term":[{"taxonomy":"category","embeddable":true,"href":"https:\/\/dayiro.daisad.es\/blog\/wp-json\/wp\/v2\/categories?post=146"},{"taxonomy":"post_tag","embeddable":true,"href":"https:\/\/dayiro.daisad.es\/blog\/wp-json\/wp\/v2\/tags?post=146"}],"curies":[{"name":"wp","href":"https:\/\/api.w.org\/{rel}","templated":true}]}}